{"id":4707,"date":"2012-10-21T11:22:59","date_gmt":"2012-10-21T14:22:59","guid":{"rendered":"https:\/\/edit.uta.cl\/disur_prueba\/?post_type=noticias-disur&#038;p=4707"},"modified":"2025-10-22T16:33:25","modified_gmt":"2025-10-22T19:33:25","slug":"quinto-disur","status":"publish","type":"noticias-disur","link":"https:\/\/disur.edu.ar\/index.php\/noticias-disur\/quinto-disur\/","title":{"rendered":"Quinto DiSUR"},"content":{"rendered":"\n<p>El dise\u00f1o argentino ha adquirido en los \u00faltimos a\u00f1os, un protagonismo creciente como factor de competitividad de los productos para el desarrollo de las econom\u00edas locales y regionales.<\/p>\n\n\n\n<p>\u00bfQu\u00e9 v\u00ednculos tiene este nuevo lugar con la construcci\u00f3n del universo cultural de quienes los producen y consumen? \u00bfPor qu\u00e9 el dise\u00f1o es hoy una de las industrias culturales en donde se focaliza la construcci\u00f3n de las narraciones sobre nuestra identidad?<\/p>\n\n\n\n<p>Estas preguntas son algunas de las que motivan el V DiSUR 2012.<\/p>\n\n\n\n<p>La Red Argentina de Carreras de Dise\u00f1o de Facultades Nacionales, organizadora del DiSUR, tiene por finalidad principal impulsar el procesos de integraci\u00f3n a trav\u00e9s de la creaci\u00f3n de un espacio acad\u00e9mico com\u00fan ampliado, en base a la cooperaci\u00f3n cient\u00edfica, tecnol\u00f3gica educativa y cultural. La investigaci\u00f3n en dise\u00f1o, incluidos los procesos de innovaci\u00f3n, adaptaci\u00f3n y transferencia tecnol\u00f3gica, cient\u00edfica, art\u00edstica y cultural son algunas de las acciones que la Red propicia.<\/p>\n\n\n\n<p>El DiSUR se constituy\u00f3 en agosto del 2007 como la plataforma acad\u00e9mica con vistas a la conformar una confederaci\u00f3n latinoamericanas de carreras de dise\u00f1o. Surgi\u00f3 ante la necesidad de proyectar la ense\u00f1anza del dise\u00f1o desde las escenas locales hacia la nacional como primer paso en la proyecci\u00f3n hacia la escena regional latinoamericana.<\/p>\n\n\n\n<p>DiSUR busca poner en las manos de un colectivo formado por las carreras de dise\u00f1o de las universidades nacionales argentinas las diversas problematicas del universo del dise\u00f1o.<\/p>\n\n\n\n<p>En este marco, en 2012 invitamos al \u201cV DiSUR \u2013 Innovaci\u00f3n, gesti\u00f3n y desarrollo en dise\u00f1o. Piensa global, act\u00faa local\u201d, que se realizar\u00e1 los d\u00edas 31 de Octubre, 1 y 2 de Noviembre, 2012 en la UNNOBA, Sede Pergamino: Monteagudo y Ruta 8 \u2013 Pergamino, Provincia de Buenos Aires.<\/p>\n\n\n\n<p><strong>EJES TEM\u00c1TICOS:<\/strong><\/p>\n\n\n\n<ul class=\"wp-block-list\">\n<li>Dise\u00f1o y desarrollo: El dise\u00f1o como herramienta estrat\u00e9gica. La gesti\u00f3n de dise\u00f1o y el desarrollo regional<\/li>\n\n\n\n<li>Ense\u00f1anza del dise\u00f1o. Responsabilidad social, sustentabilidad, \u00e9tica, y pol\u00edtica.<\/li>\n\n\n\n<li>Dise\u00f1o, producto y calidad. Mercados globales y locales. Nuevos escenarios.<\/li>\n<\/ul>\n","protected":false},"template":"","class_list":["post-4707","noticias-disur","type-noticias-disur","status-publish","hentry"],"_links":{"self":[{"href":"https:\/\/disur.edu.ar\/index.php\/wp-json\/wp\/v2\/noticias-disur\/4707","targetHints":{"allow":["GET"]}}],"collection":[{"href":"https:\/\/disur.edu.ar\/index.php\/wp-json\/wp\/v2\/noticias-disur"}],"about":[{"href":"https:\/\/disur.edu.ar\/index.php\/wp-json\/wp\/v2\/types\/noticias-disur"}],"wp:attachment":[{"href":"https:\/\/disur.edu.ar\/index.php\/wp-json\/wp\/v2\/media?parent=4707"}],"curies":[{"name":"wp","href":"https:\/\/api.w.org\/{rel}","templated":true}]}}