{"id":4739,"date":"2013-10-21T13:14:30","date_gmt":"2013-10-21T16:14:30","guid":{"rendered":"https:\/\/edit.uta.cl\/disur_prueba\/?post_type=noticias-disur&#038;p=4739"},"modified":"2025-10-22T16:31:53","modified_gmt":"2025-10-22T19:31:53","slug":"sexta-reunion-disur","status":"publish","type":"noticias-disur","link":"https:\/\/disur.edu.ar\/index.php\/noticias-disur\/sexta-reunion-disur\/","title":{"rendered":"Sexta Reuni\u00f3n DiSUR"},"content":{"rendered":"\n<p><strong>&#8220;Dise\u00f1o y Pol\u00edticas P\u00fablicas en el marco de un Desarrollo Sostenible y Sustentable&#8221;<\/strong><\/p>\n\n\n\n<p>24 y 25 de octubre en la Facultad de Artes y Dise\u00f1o de la Univerisidad Nacional de Cuyo.<\/p>\n\n\n\n<p>DiSUR, es una red de Universidades Nacionales con carreras de Dise\u00f1o en su oferta acad\u00e9mica. Se constituy\u00f3 en el a\u00f1o 2007 como plataforma pol\u00edtica, con el objetivo de conformar una confederaci\u00f3n latinoamericana de carreras de dise\u00f1o.<\/p>\n\n\n\n<p>Se llevar\u00e1 a cabo a Sexta Reuni\u00f3n del DISUR en la Facultad de Artes y Dise\u00f1o de la Universidad Nacional de Cuyo los d\u00edas 24 y 25 de Octubre de 2013. Su eje central ser\u00e1 &#8220;Dise\u00f1o y Pol\u00edticas P\u00fablicas en el marco de un desarrollo sostenible y sustentable&#8221; Vectores ideol\u00f3gicos. Visibilizaci\u00f3n del Dise\u00f1o como factor de Desarrollo Territorial.<\/p>\n\n\n\n<p>Destinado a dise\u00f1adores, docentes, alumnos y p\u00fablico en general.<\/p>\n\n\n\n<p><\/p>\n","protected":false},"template":"","class_list":["post-4739","noticias-disur","type-noticias-disur","status-publish","hentry"],"_links":{"self":[{"href":"https:\/\/disur.edu.ar\/index.php\/wp-json\/wp\/v2\/noticias-disur\/4739","targetHints":{"allow":["GET"]}}],"collection":[{"href":"https:\/\/disur.edu.ar\/index.php\/wp-json\/wp\/v2\/noticias-disur"}],"about":[{"href":"https:\/\/disur.edu.ar\/index.php\/wp-json\/wp\/v2\/types\/noticias-disur"}],"wp:attachment":[{"href":"https:\/\/disur.edu.ar\/index.php\/wp-json\/wp\/v2\/media?parent=4739"}],"curies":[{"name":"wp","href":"https:\/\/api.w.org\/{rel}","templated":true}]}}