{"id":4747,"date":"2014-06-22T16:42:00","date_gmt":"2014-06-22T19:42:00","guid":{"rendered":"https:\/\/edit.uta.cl\/disur_prueba\/?post_type=noticias-disur&#038;p=4747"},"modified":"2025-10-22T16:53:17","modified_gmt":"2025-10-22T19:53:17","slug":"tercera-reunion-pre-disur-2014","status":"publish","type":"noticias-disur","link":"https:\/\/disur.edu.ar\/index.php\/noticias-disur\/tercera-reunion-pre-disur-2014\/","title":{"rendered":"Tercera reuni\u00f3n PRE DiSUR 2014"},"content":{"rendered":"\n<p>18 y 19 de Junio, San Miguel de Tucum\u00e1n, Argentina.<\/p>\n\n\n\n<p><strong>CRONOGRAMA DE ACTIVIDADES PREDISUR 2014<\/strong><br><strong>Mi\u00e9rcoles 18 de Junio<\/strong><br>9.30 hs &#8211; Acreditaciones.<br>10.00 hs \u2013 Palabras de Bienvenida de Decana de la Facultad de Artes UNT Dra Raquel<br>Pastor de de la Silva y del Presidente del Disur DG Daniel Mielninczuk.<br>10.30 hs \u2013 Lineamientos para la formaci\u00f3n de Institutos de Investigaciones<br>Interuniversitarios a cargo de Ciencia y T\u00e9cnica UNT.<br>11.15 hs \u2013 Caf\u00e9.<br>11.30 hs \u2013 Debate y redacci\u00f3n de documento sobre formaci\u00f3n de Institutos de<br>Investigaciones Interuniversitarios con la coordinaci\u00f3n del Prof. Luis Sarale (UNC)<br>13.00 \u2013 Almuerzo<br>15.00 hs &#8211; Organizaci\u00f3n y acreditaci\u00f3n de carreras interuniversitarias de grado y<br>postgrado a cargo de Secretar\u00eda Acad\u00e9mica UNT y Direcci\u00f3n de T\u00edtulos UNT.<br>15.45 hs \u2013 Caf\u00e9.<br>16.15 hs \u2013 Debate y redacci\u00f3n de lineamientos sobre organizaci\u00f3n y acreditaci\u00f3n de<br>carreras interuniversitarias de grado y postgrado.<br>17.30 hs \u2013 Reuni\u00f3n conjunta del Foro de Directores y el Consejo de Decanos a fin de<br>establecer prioridades. Temas a tratar:<\/p>\n\n\n\n<ul class=\"wp-block-list\">\n<li>Foro de Directores: seguir trabajando sobre los ejes propuestos a corto, mediano y largo plazo tales como:<\/li>\n<\/ul>\n\n\n\n<ol class=\"wp-block-list\">\n<li>Concluir con la socializaci\u00f3n de las presentaciones de cada universidad de acuerdo a lo acordado en Ober\u00e1.<\/li>\n\n\n\n<li>Continuar trabajando con la vinculaci\u00f3n acad\u00e9mica y de grado: intercambio docentes y alumnos.<\/li>\n\n\n\n<li>Integraci\u00f3n y vinculaci\u00f3n regional.<\/li>\n\n\n\n<li>Acreditaciones: conformaci\u00f3n de indicadores y elaboraci\u00f3n de est\u00e1ndares.<\/li>\n\n\n\n<li>Actividades de investigaci\u00f3n, extensi\u00f3n y transferencia, entre otros.<\/li>\n<\/ol>\n\n\n\n<ul class=\"wp-block-list\">\n<li>Consejo de Decanos: analizar estado de:<\/li>\n<\/ul>\n\n\n\n<ol class=\"wp-block-list\">\n<li>o Organizaci\u00f3n de 1\u00b0 Congreso Disur y 7\u00b0 Encuentro de la Red.<\/li>\n\n\n\n<li>Inclusi\u00f3n de las carreras de dise\u00f1o en el SIGEVA.<\/li>\n<\/ol>\n\n\n\n<p>19.00 hs \u2013 Inauguraci\u00f3n de Muestra de Dise\u00f1o \u2013 Facultad de Artes UNT.<br><strong>Jueves 19 de Junio<\/strong><br>9.30 hs &#8211; Reuni\u00f3n independiente del Foro de Directores y del Consejo de Decanos.<br>11.00 hs \u2013 Caf\u00e9.<br>11.15 hs &#8211; Continuaci\u00f3n de las reuniones para Redacci\u00f3n y firma de conclusiones.<br>13.30 hs. \u2013 Clausura y palabras de despedida.<\/p>\n","protected":false},"template":"","class_list":["post-4747","noticias-disur","type-noticias-disur","status-publish","hentry"],"_links":{"self":[{"href":"https:\/\/disur.edu.ar\/index.php\/wp-json\/wp\/v2\/noticias-disur\/4747","targetHints":{"allow":["GET"]}}],"collection":[{"href":"https:\/\/disur.edu.ar\/index.php\/wp-json\/wp\/v2\/noticias-disur"}],"about":[{"href":"https:\/\/disur.edu.ar\/index.php\/wp-json\/wp\/v2\/types\/noticias-disur"}],"wp:attachment":[{"href":"https:\/\/disur.edu.ar\/index.php\/wp-json\/wp\/v2\/media?parent=4747"}],"curies":[{"name":"wp","href":"https:\/\/api.w.org\/{rel}","templated":true}]}}