{"id":4773,"date":"2014-06-18T09:10:00","date_gmt":"2014-06-18T12:10:00","guid":{"rendered":"https:\/\/edit.uta.cl\/disur_prueba\/?post_type=noticias-disur&#038;p=4773"},"modified":"2025-10-23T10:53:04","modified_gmt":"2025-10-23T13:53:04","slug":"7ma-reunion-disursan-juan-argentina","status":"publish","type":"noticias-disur","link":"https:\/\/disur.edu.ar\/index.php\/noticias-disur\/7ma-reunion-disursan-juan-argentina\/","title":{"rendered":"7ma Reuni\u00f3n DiSUR"},"content":{"rendered":"\n<figure class=\"wp-block-image aligncenter\"><img decoding=\"async\" src=\"http:\/\/disur.edu.ar\/wp-content\/uploads\/2014\/06\/TITULO1.jpg\" alt=\"TITULO\" class=\"wp-image-481\"\/><\/figure>\n\n\n\n<figure class=\"wp-block-image\"><img decoding=\"async\" src=\"http:\/\/disur.edu.ar\/wp-content\/uploads\/2014\/06\/MISION41.jpg\" alt=\"MISION\" class=\"wp-image-488\"\/><\/figure>\n\n\n\n<p>La sociedad del conocimiento ha provocado acentuadas mutaciones en el mundo, en el tejido pol\u00edtico, social y econ\u00f3mico; provocando un acrecentamiento de la productividad y de la competitividad, y la afirmaci\u00f3n de una sociedad m\u00e1s democr\u00e1tica y participativa.<\/p>\n\n\n\n<p>Consecuentemente, el 1\u00b0 Congreso Latinoamericano de Dise\u00f1o nos convoca a la integraci\u00f3n de la comunidad acad\u00e9mica latinoamericana, afirmando su rol como universidad p\u00fablica en la sociedad, en un proyecto colectivo para asumir el compromiso de exponer y reflexionar sobre la tarea que implica fortalecer a nuestras comunidades en su crecimiento y desarrollo productivo sostenible; entendiendo que el dise\u00f1o es una herramienta clave, generadora de avances innovativos y tecnol\u00f3gicos aplicados, que propendan al desarrollo econ\u00f3mico del territorio y a mejorar la calidad de vida de sus habitantes; una estrategia cultural que transmite su identidad.<\/p>\n\n\n\n<figure class=\"wp-block-image\"><img decoding=\"async\" src=\"http:\/\/disur.edu.ar\/wp-content\/uploads\/2014\/06\/FINALIDAD1.jpg\" alt=\"FINALIDAD\" class=\"wp-image-490\"\/><\/figure>\n\n\n\n<p>&nbsp;El congreso es concebido como un lugar para deliberar sobre los distintos espacios de generaci\u00f3n, transmisi\u00f3n y vinculaci\u00f3n del conocimiento, creando relaciones entre los diferentes \u00e1mbitos acad\u00e9micos y sus entornos de aplicaci\u00f3n. Su finalidad, poner en claro el contexto presente en el campo del Dise\u00f1o, particularmente en su productividad y competitividad; para debatir y argumentar el pensamiento alcanzado, exponer nuevas hip\u00f3tesis, construir nuevo conocimiento, proponer nuevas estrategias y difundirlas en la comunidad acad\u00e9mica y a la sociedad.<\/p>\n\n\n\n<figure class=\"wp-block-image\"><img decoding=\"async\" src=\"http:\/\/disur.edu.ar\/wp-content\/uploads\/2014\/06\/OBJETIVOS1.jpg\" alt=\"OBJETIVOS\" class=\"wp-image-492\"\/><\/figure>\n\n\n\n<p>\u2022 Fortalecer la diversidad latinoamericana y debatir respecto al presente y futuro de las disciplinas resultantes del campo del dise\u00f1o, e indagar en nuevas respuestas de I+D en los escenarios productivos propios de cada regi\u00f3n.<br>\u2022 Promover a un trabajo en conjunto; educadores, investigadores, contexto productivo, para lograr la mutua cooperaci\u00f3n, la legitimidad de la identidad local y la inclusi\u00f3n social.<br>\u2022 Afianzar los v\u00ednculos entre educaci\u00f3n, \u00e1mbitos cient\u00edficos, tecnol\u00f3gicos, productivos e industriales, en la b\u00fasqueda de una conciliaci\u00f3n regional, para lograr el desarrollo articulado de las acciones de dise\u00f1o, que promuevan la eficiencia en la utilizaci\u00f3n de sus recursos existentes.<\/p>\n\n\n\n<figure class=\"wp-block-image\"><img decoding=\"async\" src=\"http:\/\/disur.edu.ar\/wp-content\/uploads\/2014\/06\/AREASTEMATICAS1.jpg\" alt=\"AREASTEMATICAS\" class=\"wp-image-495\"\/><\/figure>\n\n\n\n<p><strong>1. SISTEMAS DE PRODUCCI\u00d3N; INNOVACI\u00d3N, TECNOLOG\u00cdA Y DESARROLLO<\/strong><br><strong>2. POL\u00cdTICA EDUCATIVA, SOCIEDAD Y ENTORNO PRODUCTIVO<\/strong><br><strong>3. GESTI\u00d3N ECON\u00d3MICA GLOCAL, DISE\u00d1O CON RESPONSABILIDAD SOCIAL Y AMBIENTAL<\/strong><\/p>\n\n\n\n<p><strong>1. SISTEMAS DE PRODUCCI\u00d3N; INNOVACION, TECNOLOG\u00cdA Y DESARROLLO<\/strong><br>En donde innovaci\u00f3n, tecnolog\u00eda y producci\u00f3n, surjan como ejes para el desarrollo con fuerte institucionalidad, estableciendo un sistema integral conducente con las necesidades de la comunidad, que contribuyan a mejorar la calidad de vida, a la formaci\u00f3n de sus recursos humanos, a la protecci\u00f3n del ambiente y al crecimiento de la econom\u00eda local, tanto en los sectores p\u00fablicos como privados.<\/p>\n\n\n\n<p>OBJETIVOS<br>\u2022 Desarrollar un mejor conocimiento de nuestro entorno, para garantizar la sostenibilidad ambiental y fortalecer nuestra identidad cultural.<br>\u2022 Orientar la oferta cient\u00edfica y tecnol\u00f3gica hacia las necesidades del sector productivo y econ\u00f3mico de la sociedad, para alcanzar una mejor calidad de vida de las poblaciones.<br>\u2022 Promover la participaci\u00f3n de diferentes actores pol\u00edticos y sociales, donde se remarca la importancia del Estado, para facilitar la transferencia y aplicaci\u00f3n del conocimiento.<br>\u2022 Promover la cultura de la innovaci\u00f3n en los sectores productivos e industriales, a fin de incrementar la capacidad de productividad con valor agregado.<\/p>\n\n\n\n<p><strong>2. POL\u00cdTICA EDUCATIVA, SOCIEDAD Y ENTORNO PRODUCTIVO<\/strong><br>Una instituci\u00f3n educativa universitaria p\u00fablica, como proyecto colectivo, social, cient\u00edfico, tecnol\u00f3gico y cultural, orientada a producir y transmitir conocimiento con calidad, creatividad y excelencia acad\u00e9mica, localizada en un entorno regional, en relaci\u00f3n con los problemas del pa\u00eds y las fuerzas por la internacionalizaci\u00f3n del conocimiento, que articule las teor\u00edas, las experiencias y la gesti\u00f3n.<\/p>\n\n\n\n<p>OBJETIVOS<br>\u2022 Debatir sobre las incumbencias, competencias y estrategias did\u00e1cticas en el campo del dise\u00f1o, considerando las demandas actuales y las tendencias tecnol\u00f3gicas futuras.<br>\u2022 Generar estrategias de articulaci\u00f3n de conocimientos entre el sistema educativo, las instituciones p\u00fablicas de gesti\u00f3n tecnol\u00f3gica, el sector productivo e industrial.<br>\u2022 Fortalecer la actualizaci\u00f3n y evaluaci\u00f3n permanente de sus recursos humanos formados y examinar las problem\u00e1ticas de egresados en carreras de dise\u00f1o, para su incorporaci\u00f3n en el campo profesional.<br>\u2022 Promover condiciones de reciprocidad entre escuelas de dise\u00f1o de Am\u00e9rica Latina a trav\u00e9s de la vinculaci\u00f3n de sus recursos humanos competentes y del perfeccionamiento de sus docentes y estudiantes, a partir de programas institucionales.<\/p>\n\n\n\n<p><strong>3. GESTI\u00d3N ECON\u00d3MICA GLOCAL, DISE\u00d1O CON RESPONSABILIDAD SOCIAL Y AMBIENTAL<\/strong><br>Un desarrollo social y econ\u00f3mico integral, construido con amplio acuerdo de voluntades a nivel latinoamericano y regional, reconociendo las prioridades y necesidades reales de las regiones, de sus recursos humanos, de los sectores productivos y del capital empleado para producirlo, crean-do bienes y servicios que se posicionen exitosamente en mercados globales competitivos.<br>OBJETIVOS<\/p>\n\n\n\n<p>\u2022 Reflexionar respecto al rol del dise\u00f1o en los pa\u00edses latinoamericanos, su grado de impacto y contribuci\u00f3n para un desarrollo ambiental sostenible.<br>\u2022 Implicar al sector p\u00fablico y privado: organismos pol\u00edticos, academia y comunidad, en la construcci\u00f3n conjunta de estrategias para el bienestar social y crecimiento econ\u00f3mico regional.<br>\u2022 Exponer los instrumentos financieros institucionales vigentes y examinar sus dificultades de aplicaci\u00f3n, a fin de posibilitar la gesti\u00f3n de proyectos interdisciplinarios innovativos.<br>\u2022 Identificar acciones en el campo del dise\u00f1o latinoamericano, que han impactado en la creaci\u00f3n de valor agregado en productos y procesos, permitiendo nuevas oportunidades competitivas.<\/p>\n\n\n\n<figure class=\"wp-block-image\"><img decoding=\"async\" src=\"http:\/\/disur.edu.ar\/wp-content\/uploads\/2014\/06\/MODALIDAD1.jpg\" alt=\"MODALIDAD\" class=\"wp-image-501\"\/><\/figure>\n\n\n\n<p>El Congreso prev\u00e9 las siguientes instancias de participaci\u00f3n:<br>\u2022 Asistencia a CONFERENCIAS MAGISTRALES con destacados disertantes a nivel latinoamericano<br>\u2022 Presentaci\u00f3n de PONENCIAS<br>\u2022 Presentaci\u00f3n de POSTERS<br>\u2022 Participaci\u00f3n en WORKSHOPS y TALLER<br>\u2022 Participaci\u00f3n en FOROS<br>\u2022 Visita a EXPO FAUD 2014<\/p>\n\n\n\n<p>Se invita a participar mediante la inscripci\u00f3n y exposici\u00f3n en Ponencias, Posters, Workshops y Talleres de experiencias en ense\u00f1anza; resultados de proyectos de investigaci\u00f3n; actividades de investigaci\u00f3n y desarrollo e Innovaci\u00f3n (I+D+i), extensi\u00f3n, vinculaci\u00f3n y transferencia, llevados a cabo por docentes o equipo de docentes de carreras de dise\u00f1o.<br>Deber\u00e1n corresponder a proyectos o acciones innovadoras relacionados al tema central del 1\u00ba Congreso Latinoamericano de Dise\u00f1o. \u201cImplicar para aplicar. Dise\u00f1o, producci\u00f3n y regi\u00f3n\u201d.<\/p>\n\n\n\n<p>\u00c1reas Tem\u00e1ticas<br>\u2022 SISTEMAS DE PRODUCCI\u00d3N; INNOVACI\u00d3N, TECNOLOG\u00cdA Y DESARROLLO<br>\u2022 POL\u00cdTICA EDUCATIVA, SOCIEDAD Y ENTORNO PRODUCTIVO<br>\u2022 GESTI\u00d3N ECON\u00d3MICA GLOCAL, DISE\u00d1O CON RESPONSABILIDAD SOCIAL Y AMBIENTAL<\/p>\n\n\n\n<figure class=\"wp-block-image\"><img decoding=\"async\" src=\"http:\/\/disur.edu.ar\/wp-content\/uploads\/2014\/06\/LIMITES1.jpg\" alt=\"LIMITES\" class=\"wp-image-503\"\/><\/figure>\n\n\n\n<p>Fecha l\u00edmite para la recepci\u00f3n de res\u00famenes Ponencias, P\u00f3sters, Workshop y Taller<br><strong>\u2022 1 de septiembre de 2014<\/strong><br>Notificaci\u00f3n de aceptaci\u00f3n de res\u00famenes<br><strong>\u2022 10 de septiembre de 2014<\/strong><br>Fecha l\u00edmite para la recepci\u00f3n de trabajos finales<br><strong>\u2022 29 de septiembre de 2014<\/strong><\/p>\n\n\n\n<figure class=\"wp-block-image\"><img decoding=\"async\" src=\"http:\/\/disur.edu.ar\/wp-content\/uploads\/2014\/06\/CONDICIONES1.jpg\" alt=\"CONDICIONES\" class=\"wp-image-504\"\/><\/figure>\n\n\n\n<p><strong>La presentaci\u00f3n de los trabajos deber\u00e1 ser realizada personalmente por sus responsables durante el desarrollo del Congreso.<\/strong><br>&#8211; Los res\u00famenes deber\u00e1n ser presentados en el idioma espa\u00f1ol.<br>&#8211; El resumen deber\u00e1 ser enviado en editor de texto Word (.doc, .docx)<br>&#8211; Todo el conjunto deber\u00e1 ajustarse a un m\u00e1ximo de 700 palabras.<br>&#8211; La revisi\u00f3n ortogr\u00e1fica, gramatical o de redacci\u00f3n es responsabilidad de los autores.<br>&#8211; La evaluaci\u00f3n y aceptaci\u00f3n del material propuesto estar\u00e1 cargo del Comit\u00e9 Acad\u00e9mico.<br>&#8211; Los res\u00famenes de ponencias, p\u00f3sters, workshops y taller, conformar\u00e1n la publicaci\u00f3n que se en-tregar\u00e1 a los expositores.<br>Los res\u00famenes se recepcionar\u00e1n hasta el 1\u00ba de setiembre de 2014 al correo electr\u00f3nico:<strong> disurunsj@faud.unsj.edu.ar<\/strong><\/p>\n\n\n\n<figure class=\"wp-block-image\"><img decoding=\"async\" src=\"http:\/\/disur.edu.ar\/wp-content\/uploads\/2014\/06\/FORMATO1.jpg\" alt=\"FORMATO\" class=\"wp-image-505\"\/><\/figure>\n\n\n\n<p>A fin de posibilitar su desarrollo y publicaci\u00f3n, los res\u00famenes de Ponencias, P\u00f3sters, Workshop y Taller deber\u00e1n ajustarse a las siguientes condiciones:<br>Condiciones generales<\/p>\n\n\n\n<p>\u2022 Las p\u00e1ginas de los documentos corresponder\u00e1n al formato A4<br>\u2022 Los trabajos deber\u00e1n enviarse en soporte digital en los siguientes programas:<br>&#8211; Textos: Word, versi\u00f3n 97 o superior<br>&#8211; Tabla de c\u00e1lculos y gr\u00e1ficos: Excel versi\u00f3n 97 o superior;<br>&#8211; Im\u00e1genes JPG a 300 ppi<br>\u2022 Letra tipo Arial cuerpo 11<br>\u2022 Margen perimetral de 3 cm<br>\u2022 Alineaci\u00f3n justificada, interlineado simple<br>Condiciones espec\u00edficas<br>\u2022 Modalidad: Ponencia, P\u00f3ster, Workshop, Taller<br>\u2022 \u00c1rea tem\u00e1tica<br>\u2022 T\u00edtulo del proyecto, programa o propuesta que se presenta<br>\u2022 Autor(es): Apellido y Nombres, Tipo y N\u00ba de documento, Pa\u00eds.<br>Direcci\u00f3n de correo electr\u00f3nico<br>\u2022 Integrantes del Proyecto: Apellido y Nombres, Tipo y N\u00ba de documento, Pa\u00eds.<br>\u2022 Instituci\u00f3n a la que pertenecen los participantes<br>\u2022 Eje: Ense\u00f1anza, Proyecto de Investigaci\u00f3n, desarrollo e Innovaci\u00f3n (I+D+i), Extensi\u00f3n, Vinculaci\u00f3n y\/o Transferencia.<\/p>\n\n\n\n<p><strong>El resumen contemplar\u00e1:<\/strong><br>\u2022 Introducci\u00f3n<br>\u2022 Objetivos<br>\u2022 M\u00e9todos<br>\u2022 Resultados<br>\u2022 Conclusiones<br>\u2022 Palabras claves, 5 como m\u00e1ximo<\/p>\n\n\n\n<p><strong>Bibliograf\u00eda<\/strong><br>Los res\u00famenes no deber\u00e1n contener citas bibliogr\u00e1ficas.<br>Las referencias bibliogr\u00e1ficas que acompa\u00f1en a los trabajos deber\u00e1n ser indicadas al final del mismo citando: nombre del autor, a\u00f1o, t\u00edtulo del trabajo, lugar de edici\u00f3n, editorial, edici\u00f3n y p\u00e1gina.<\/p>\n\n\n\n<figure class=\"wp-block-image\"><img decoding=\"async\" src=\"http:\/\/disur.edu.ar\/wp-content\/uploads\/2014\/06\/POSTERS1.jpg\" alt=\"POSTERS\" class=\"wp-image-508\"\/><\/figure>\n\n\n\n<p>Se prev\u00e9 para la exposici\u00f3n de los mismos, un espacio en las instalaciones del Centro Cultural Amadeo Conte Grand durante los d\u00edas en que se desarrolle el Congreso, de modo que las experiencias volcadas en cada poster, puedan ser recepcionadas por los asistentes y sociedad en general.<\/p>\n\n\n\n<p>*En el programa de actividades, se especificar\u00e1n d\u00edas y horarios para coordinar la presencia de los autores en dicho lugar, de manera que puedan interactuar y\/o responder preguntas que pudieran surgir del p\u00fablico participante.<\/p>\n\n\n\n<p>Aprobado resumen, se fija como fecha l\u00edmite para el env\u00edo digital de p\u00f3sters (formato .pdf), hasta el d\u00eda 29 de septiembre de 2014, al siguiente correo electr\u00f3nico: disurposters@faud.unsj.edu.ar<br>Los participantes deber\u00e1n diagramar su trabajo final bajo las siguientes caracter\u00edsticas:<br>\u2022 Formato de 70 cm de ancho por 120 cm de alto, que incluya un margen perimetral de 3 cm.<br>En todos los casos, la diagramaci\u00f3n deber\u00e1 responder a este formato vertical.<br>\u2022 Deber\u00e1 incorporar en la parte superior el encabezado provisto por la organizaci\u00f3n del congreso, pudiendo descargarse -pr\u00f3ximamente- en www.faud.unsj.edu.ar\/disur<br>\u2022 \u00c1rea Tem\u00e1tica<br>\u2022 T\u00edtulo de la propuesta que se presenta<br>\u2022 Nombre del\/los autores<br>\u2022 Instituci\u00f3n a la que pertenece el\/los participantes<br>\u2022 Eje: Ense\u00f1anza, Proyectos de Investigaci\u00f3n, desarrollo e Innovaci\u00f3n (I+D+i), Extensi\u00f3n, Vincula-ci\u00f3n y\/o Transferencia<br>\u2022 Introducci\u00f3n<br>\u2022 Objetivos<br>\u2022 Metodolog\u00eda<br>\u2022 Avances y\/o resultados (si los hubiera)<br>\u2022 Conclusiones<br>Impresi\u00f3n a cargo de la organizaci\u00f3n del congreso FAUD-UNSJ<br>El costo de inscripci\u00f3n en la modalidad p\u00f3sters, incluye la impresi\u00f3n del mismo.<\/p>\n\n\n\n<figure class=\"wp-block-image\"><img decoding=\"async\" src=\"http:\/\/disur.edu.ar\/wp-content\/uploads\/2014\/06\/TALLER1.jpg\" alt=\"TALLER\" class=\"wp-image-510\"\/><\/figure>\n\n\n\n<p>Se prev\u00e9 para el desarrollo de los mismos, un espacio en las instalaciones de la Facultad de Arquitec-tura, Urbanismo y Dise\u00f1o UNSJ, durante los d\u00edas en que se desarrolle el Congreso.<br>Aprobado el resumen, se fija como fecha l\u00edmite para el env\u00edo final de la propuesta, hasta el d\u00eda 29 de septiembre de 2014, al siguiente correo electr\u00f3nico: <strong>disurworkshops@faud.unsj.edu.ar<br><\/strong><br>Los participantes deber\u00e1n presentar su trabajo bajo las siguientes caracter\u00edsticas:<br>\u2022 Responsable(s) a cargo: Breve Curriculum<br>\u2022 Instituci\u00f3n a la que pertenecen, Pa\u00eds<br>\u2022 \u00c1rea tem\u00e1tica<br>\u2022 T\u00edtulo<br>\u2022 Contenidos<br>\u2022 Objetivos<br>\u2022 Estrat\u00e9gia Did\u00e1tica<br>\u2022 Conclusiones<\/p>\n\n\n\n<p>Materiales, recursos de infraestructura y equipamiento necesario para su implementaci\u00f3n<br>Cada Workshop y\/o Taller dispondr\u00e1 de un tiempo m\u00e1ximo de 4 hs, diaria. Los participantes dispondr\u00e1n de infraestructura y equipo multimedial (PC, proyector y sonido) a su requerimiento.<br>La modalidad workshop y\/o taller, incluye un certificado por proyecto.<\/p>\n\n\n\n<figure class=\"wp-block-image\"><img decoding=\"async\" src=\"http:\/\/disur.edu.ar\/wp-content\/uploads\/2014\/06\/INSCRIPCION1.jpg\" alt=\"INSCRIPCION\" class=\"wp-image-512\"\/><\/figure>\n\n\n\n<p>La inscripci\u00f3n a las diferentes modalidades, se formaliza mediante el pago y env\u00edo del comprobante escaneado adjunto a la ficha de inscripci\u00f3n, hasta el <strong>29 de septiembre de 2014<\/strong> al siguiente correo electr\u00f3nico: <strong>disurunsj@faud.unsj.edu.ar<\/strong><\/p>\n\n\n\n<figure class=\"wp-block-image\"><img decoding=\"async\" src=\"http:\/\/disur.edu.ar\/wp-content\/uploads\/2014\/06\/ARANCELES1.jpg\" alt=\"ARANCELES\" class=\"wp-image-513\"\/><\/figure>\n\n\n\n<p><strong>Modalidad de participaci\u00f3n<\/strong><br><strong>1. Asistente Alumno: $ 100 (incluye asistencia a todas las conferencias y 1 (un) workshop)<\/strong><br><strong>$ 50 (por cada Whokshop extra a realizar)<\/strong><br><strong>2. Asistente general: $ 200<\/strong><br><strong>3. Ponente: $ 450<\/strong><br><strong>4. P\u00f3sters: $ 350<\/strong><br><strong>5. Workshops y Taller: sin costo (para quien lo dicte)<\/strong><br>Junto al env\u00edo de esta comunicaci\u00f3n, se adjunta la planilla de inscripci\u00f3n y datos de la cuenta para dep\u00f3sito bancario<\/p>\n\n\n\n<figure class=\"wp-block-image\"><img decoding=\"async\" src=\"http:\/\/disur.edu.ar\/wp-content\/uploads\/2014\/06\/PUBLICACION1.jpg\" alt=\"PUBLICACION\" class=\"wp-image-514\"\/><\/figure>\n\n\n\n<p>Los trabajos aprobados cuyos autores se hayan inscripto al Congreso ser\u00e1n incluidos en una publicaci\u00f3n en formato CD\/DVD.<br>Los autores de trabajos aprobados que se hayan inscripto al Congreso, recibir\u00e1n un certificado de participaci\u00f3n.<\/p>\n\n\n\n<figure class=\"wp-block-image\"><img decoding=\"async\" src=\"http:\/\/disur.edu.ar\/wp-content\/uploads\/2014\/06\/CRITERIOS1.jpg\" alt=\"CRITERIOS\" class=\"wp-image-515\"\/><\/figure>\n\n\n\n<p>Originalidad y pertinencia con la convocatoria.<\/p>\n\n\n\n<figure class=\"wp-block-image\"><img decoding=\"async\" src=\"http:\/\/disur.edu.ar\/wp-content\/uploads\/2014\/06\/EVALUADOR1.jpg\" alt=\"EVALUADOR\" class=\"wp-image-516\"\/><\/figure>\n\n\n\n<p>Comit\u00e9 Acad\u00e9mico:<br>&#8211; Representantes de la Facultad de Arte y Dise\u00f1o. Universidad Nacional de Cuyo<br>&#8211; Representantes de la Facultad de Arquitectura, Urbanismo y Dise\u00f1o. Universidad Nacional de C\u00f3rdoba<br>&#8211; Representantes de la Facultad de Arte y Dise\u00f1o. Universidad Nacional de Misiones<br>&#8211; Representantes de la Facultad de Arquitectura, Urbanismo y Dise\u00f1o. Universidad Nacional de San Juan<\/p>\n","protected":false},"template":"","class_list":["post-4773","noticias-disur","type-noticias-disur","status-publish","hentry"],"_links":{"self":[{"href":"https:\/\/disur.edu.ar\/index.php\/wp-json\/wp\/v2\/noticias-disur\/4773","targetHints":{"allow":["GET"]}}],"collection":[{"href":"https:\/\/disur.edu.ar\/index.php\/wp-json\/wp\/v2\/noticias-disur"}],"about":[{"href":"https:\/\/disur.edu.ar\/index.php\/wp-json\/wp\/v2\/types\/noticias-disur"}],"wp:attachment":[{"href":"https:\/\/disur.edu.ar\/index.php\/wp-json\/wp\/v2\/media?parent=4773"}],"curies":[{"name":"wp","href":"https:\/\/api.w.org\/{rel}","templated":true}]}}