{"id":4800,"date":"2014-11-02T10:51:00","date_gmt":"2014-11-02T13:51:00","guid":{"rendered":"https:\/\/edit.uta.cl\/disur_prueba\/?post_type=noticias-disur&#038;p=4800"},"modified":"2025-10-23T10:52:25","modified_gmt":"2025-10-23T13:52:25","slug":"finalizo-el-primer-congreso-latinoamericano-de-diseno-disur","status":"publish","type":"noticias-disur","link":"https:\/\/disur.edu.ar\/index.php\/noticias-disur\/finalizo-el-primer-congreso-latinoamericano-de-diseno-disur\/","title":{"rendered":"Finaliz\u00f3 el Primer Congreso Latinoamericano de Dise\u00f1o DiSUR"},"content":{"rendered":"\n<p>El 22, 23 y 24 de octubre tuvo lugar en la Facultad de Arquitectura, Urbanismo y Dise\u00f1o (FAUD) de la Universidad Nacional de San Juan, el <strong>Primer Congreso Latinoamericano de Dise\u00f1o<\/strong><strong> del DiSUR<\/strong><em><strong> \u201cImplicar para Aplicar\u201d<\/strong><\/em>.&nbsp;Luego de tres jornadas de intensa y fruct\u00edfera actividad,&nbsp;no queda m\u00e1s que agradecer a los anfitriones por tan c\u00e1lida bienvenida y el excelente trabajo realizado, gracias FAUD!<\/p>\n\n\n\n<p><\/p>\n","protected":false},"template":"","class_list":["post-4800","noticias-disur","type-noticias-disur","status-publish","hentry"],"_links":{"self":[{"href":"https:\/\/disur.edu.ar\/index.php\/wp-json\/wp\/v2\/noticias-disur\/4800","targetHints":{"allow":["GET"]}}],"collection":[{"href":"https:\/\/disur.edu.ar\/index.php\/wp-json\/wp\/v2\/noticias-disur"}],"about":[{"href":"https:\/\/disur.edu.ar\/index.php\/wp-json\/wp\/v2\/types\/noticias-disur"}],"wp:attachment":[{"href":"https:\/\/disur.edu.ar\/index.php\/wp-json\/wp\/v2\/media?parent=4800"}],"curies":[{"name":"wp","href":"https:\/\/api.w.org\/{rel}","templated":true}]}}