{"id":4803,"date":"2015-04-10T10:55:00","date_gmt":"2015-04-10T13:55:00","guid":{"rendered":"https:\/\/edit.uta.cl\/disur_prueba\/?post_type=noticias-disur&#038;p=4803"},"modified":"2025-10-23T10:58:44","modified_gmt":"2025-10-23T13:58:44","slug":"mayor-visibilidad-y-representacion-de-nuestras-disciplinas","status":"publish","type":"noticias-disur","link":"https:\/\/disur.edu.ar\/index.php\/noticias-disur\/mayor-visibilidad-y-representacion-de-nuestras-disciplinas\/","title":{"rendered":"Mayor visibilidad y representaci\u00f3n de nuestras disciplinas"},"content":{"rendered":"\n<p><strong>Estimados<\/strong><\/p>\n\n\n\n<p>El d\u00eda de ayer el comit\u00e9 del DISUR se reuni\u00f3 con el Sr. Secretario de Politicas Universitarias Dr. Caballero, gracias a la generosidad de la gente de la UNCuyo que nos incluy\u00f3 en la reuni\u00f3n que ten\u00edan acordada previamente.<\/p>\n\n\n\n<p>La reuni\u00f3n fue un&nbsp;\u00e9xito, encontramos una excelente receptividad y compromiso del Sr Secretario con las disciplinas de Dise\u00f1o, pudiendo plantearle la necesidad de una mayor visibilidad y representaci\u00f3n de nuestras disciplinas en los sistemas de evaluaci\u00f3n institucional y de investigaci\u00f3n.<\/p>\n\n\n\n<p>As\u00ed mismo, &nbsp;hicimos entrega al Dr Caballero de una carta (c\/c mesa de entrada) &nbsp;<strong>solicitando la&nbsp;flexibilizaci\u00f3n&nbsp;de los&nbsp;par\u00e1metros&nbsp;de evaluaci\u00f3n en la actual categorizaci\u00f3n y&nbsp;<\/strong><strong>la &nbsp;inclusi\u00f3n de las disciplinas de dise\u00f1o en las categor\u00edas reconocidas en pol\u00edticas p\u00fablicas de investigaci\u00f3n y transferencia.<\/strong><\/p>\n\n\n\n<p>Adjunto copia de la carta presentada para que cada sede pueda incluirla en las presentaciones de sus profesores a la actual categorizaci\u00f3n.<\/p>\n\n\n\n<p>Saludos a todos<\/p>\n\n\n\n<p><strong>Comit\u00e9 Disur<\/strong><br><\/p>\n\n\n\n<ul class=\"wp-block-list\">\n<li><strong>Daniel Capeletti<\/strong><br><em>Presidente<\/em><br><\/li>\n\n\n\n<li><strong>Luis Sarale<\/strong><br><em>Secretario Genera<\/em>l<br><\/li>\n\n\n\n<li><strong>Beatriz Martinez<\/strong><br><em>Secretaria Ejecutiv<\/em>a<br><\/li>\n\n\n\n<li><strong>M\u00f3nica Pujol<\/strong><br><em>Secretaria de Gesti\u00f3n Institucional<\/em><\/li>\n<\/ul>\n","protected":false},"template":"","class_list":["post-4803","noticias-disur","type-noticias-disur","status-publish","hentry"],"_links":{"self":[{"href":"https:\/\/disur.edu.ar\/index.php\/wp-json\/wp\/v2\/noticias-disur\/4803","targetHints":{"allow":["GET"]}}],"collection":[{"href":"https:\/\/disur.edu.ar\/index.php\/wp-json\/wp\/v2\/noticias-disur"}],"about":[{"href":"https:\/\/disur.edu.ar\/index.php\/wp-json\/wp\/v2\/types\/noticias-disur"}],"wp:attachment":[{"href":"https:\/\/disur.edu.ar\/index.php\/wp-json\/wp\/v2\/media?parent=4803"}],"curies":[{"name":"wp","href":"https:\/\/api.w.org\/{rel}","templated":true}]}}