{"id":4811,"date":"2015-05-02T12:54:00","date_gmt":"2015-05-02T15:54:00","guid":{"rendered":"https:\/\/edit.uta.cl\/disur_prueba\/?post_type=noticias-disur&#038;p=4811"},"modified":"2025-10-23T12:56:19","modified_gmt":"2025-10-23T15:56:19","slug":"agenda-pre-disur-montevideo-2015","status":"publish","type":"noticias-disur","link":"https:\/\/disur.edu.ar\/index.php\/noticias-disur\/agenda-pre-disur-montevideo-2015\/","title":{"rendered":"PreDiSUR Montevideo 2015"},"content":{"rendered":"\n<p>Compartimos la agenda de actividades para el <strong>Encuentro Pre DiSUR Montevideo 2015<\/strong>:<\/p>\n\n\n\n<h3 class=\"wp-block-heading\">Jueves 7 de Mayo<\/h3>\n\n\n\n<p>8:45 &#8211;&nbsp;<strong>Bienvenida Pre-Disur |&nbsp;<\/strong><a href=\"http:\/\/www.farq.edu.uy\/eucd\/sedes\/\" target=\"_blank\" rel=\"noreferrer noopener\">Sede: Facultad de Arquitectura &#8211; Sala de Consejo<\/a><\/p>\n\n\n\n<hr class=\"wp-block-separator has-alpha-channel-opacity\"\/>\n\n\n\n<p>9:30 a 12:30 &#8211;&nbsp;<strong>Reuni\u00f3n de Decanos |&nbsp;<\/strong><a href=\"http:\/\/www.farq.edu.uy\/eucd\/sedes\/\" target=\"_blank\" rel=\"noreferrer noopener\">Sede: Facultad de Arquitectura &#8211; Sala de Consejo<\/a><br>9:30 a 12:30&nbsp;&#8211;&nbsp;<strong>Reuni\u00f3n de Directores<\/strong>&nbsp;|&nbsp;<a href=\"http:\/\/www.farq.edu.uy\/eucd\/sedes\/\" target=\"_blank\" rel=\"noreferrer noopener\">Sede: Aulario Faro &#8211; Sal\u00f3n C21<\/a><\/p>\n\n\n\n<hr class=\"wp-block-separator has-alpha-channel-opacity\"\/>\n\n\n\n<p>12:30 a 14:30 &#8211;&nbsp;<strong>Almuerzo libre<\/strong><\/p>\n\n\n\n<hr class=\"wp-block-separator has-alpha-channel-opacity\"\/>\n\n\n\n<p>14:30 a 15:15 &#8211;&nbsp;<strong>Presentaci\u00f3n de la <a href=\"http:\/\/grupomontevideo.org\/sitio\/\" target=\"_blank\" rel=\"noreferrer noopener\">AUGM<\/a> |&nbsp;<\/strong><a href=\"http:\/\/www.farq.edu.uy\/eucd\/sedes\/\" target=\"_blank\" rel=\"noreferrer noopener\">Sede: Facultad de Arquitectura &#8211; Sal\u00f3n Postgrado 20B<\/a><\/p>\n\n\n\n<hr class=\"wp-block-separator has-alpha-channel-opacity\"\/>\n\n\n\n<p>15:15 a 18:00 &#8211;&nbsp;<strong>Reuni\u00f3n de Decanos |&nbsp;<\/strong><a href=\"http:\/\/www.farq.edu.uy\/eucd\/sedes\/\" target=\"_blank\" rel=\"noreferrer noopener\">Sede: Facultad de Arquitectura &#8211; Sala de Consejo<\/a><br>15:15 a 18:00 &#8211;&nbsp;<strong>Reuni\u00f3n de Directores |&nbsp;<\/strong><a href=\"http:\/\/www.farq.edu.uy\/eucd\/sedes\/\" target=\"_blank\" rel=\"noreferrer noopener\">Sede: Facultad de Arquitectura &#8211; Sal\u00f3n Postgrado 20B<\/a><\/p>\n\n\n\n<hr class=\"wp-block-separator has-alpha-channel-opacity\"\/>\n\n\n\n<p>18:00 a 19:00 &#8211;&nbsp;<strong>Mesa redonda: &#8220;Perspectivas en el desarrollo acad\u00e9mico del dise\u00f1o en las Universidades de la Regi\u00f3n&#8221; |&nbsp;<\/strong><a href=\"http:\/\/www.farq.edu.uy\/eucd\/sedes\/\" target=\"_blank\" rel=\"noreferrer noopener\">Sede: Sal\u00f3n de Actos de Facultad de Arquitectura<\/a><\/p>\n\n\n\n<hr class=\"wp-block-separator has-alpha-channel-opacity\"\/>\n\n\n\n<p>19:30: a 21:00 &#8211;&nbsp;<strong>Conferencia: &#8220;Desarrollo territorial; el Dise\u00f1o principal herramienta estrat\u00e9gica para su factibilidad&#8221;,&nbsp;<\/strong>Luis Sarale &#8211; Universidad Nacional de Cuyo, Mendoza, Argentina |&nbsp;<a href=\"http:\/\/www.farq.edu.uy\/eucd\/sedes\/\" target=\"_blank\" rel=\"noreferrer noopener\">Sal\u00f3n de Actos de Facultad de Arquitectura<\/a><\/p>\n\n\n\n<hr class=\"wp-block-separator has-alpha-channel-opacity\"\/>\n\n\n\n<p>21:00 &#8211; <strong>Brindis de bienvenida |&nbsp;<\/strong><a href=\"http:\/\/www.farq.edu.uy\/eucd\/sedes\/\" target=\"_blank\" rel=\"noreferrer noopener\">Sede: Facultad de Arquitectura<\/a><\/p>\n\n\n\n<h3 class=\"wp-block-heading\">Viernes 8 de Mayo<\/h3>\n\n\n\n<p>9:00 a 12:30 &#8211;&nbsp;<strong>Reuni\u00f3n de Decanos |&nbsp;<\/strong><a href=\"http:\/\/www.farq.edu.uy\/eucd\/sedes\/\" target=\"_blank\" rel=\"noreferrer noopener\">Sede: EUCD Jackson- Sal\u00f3n 4<\/a><br>9:00 a 12:30 &#8211;&nbsp;<strong>Reuni\u00f3n de Directores<\/strong> |&nbsp;<a href=\"http:\/\/www.farq.edu.uy\/eucd\/sedes\/\" target=\"_blank\" rel=\"noreferrer noopener\">Sede: EUCD Jackson- Sal\u00f3n 1<\/a><\/p>\n\n\n\n<hr class=\"wp-block-separator has-alpha-channel-opacity\"\/>\n\n\n\n<p>12:30 a 14:30 &#8211;&nbsp;<strong>Almuerzo libre.<\/strong><\/p>\n\n\n\n<hr class=\"wp-block-separator has-alpha-channel-opacity\"\/>\n\n\n\n<p>14:30 a 18:00&nbsp;&#8211;&nbsp;<strong>Workshop: &#8220;Habitar la Universidad &#8211; Nuestra Identidad&#8221;,&nbsp;<\/strong>Eduardo Simonetti \/&nbsp;Andrea Saltzman \/&nbsp;Garc\u00eda D\u00edaz &#8211; Facultad de Arquitectura, Dise\u00f1o y Urbanismo,&nbsp;Universidad de Buenos Aires |&nbsp;<a href=\"http:\/\/www.farq.edu.uy\/eucd\/sedes\/\" target=\"_blank\" rel=\"noreferrer noopener\">Sede: EUCD Jackson- Sal\u00f3n 3<\/a><\/p>\n\n\n\n<hr class=\"wp-block-separator has-alpha-channel-opacity\"\/>\n\n\n\n<p>19:30: a 21:00 &#8211; <strong>Conferencia: &#8220;Sobre el proceso proyectual. Un exploraci\u00f3n desde la met\u00e1fora de la piel.&#8221;,\u00a0<\/strong>Andrea Saltzman &#8211; Facultad de Arquitectura, Dise\u00f1o y Urbanismo,\u00a0Universidad de Buenos Aires |\u00a0<a href=\"http:\/\/www.farq.edu.uy\/eucd\/sedes\/\" target=\"_blank\" rel=\"noreferrer noopener\">Sal\u00f3n de Actos de Facultad de Arquitectura.<\/a><\/p>\n","protected":false},"template":"","class_list":["post-4811","noticias-disur","type-noticias-disur","status-publish","hentry"],"_links":{"self":[{"href":"https:\/\/disur.edu.ar\/index.php\/wp-json\/wp\/v2\/noticias-disur\/4811","targetHints":{"allow":["GET"]}}],"collection":[{"href":"https:\/\/disur.edu.ar\/index.php\/wp-json\/wp\/v2\/noticias-disur"}],"about":[{"href":"https:\/\/disur.edu.ar\/index.php\/wp-json\/wp\/v2\/types\/noticias-disur"}],"wp:attachment":[{"href":"https:\/\/disur.edu.ar\/index.php\/wp-json\/wp\/v2\/media?parent=4811"}],"curies":[{"name":"wp","href":"https:\/\/api.w.org\/{rel}","templated":true}]}}