{"id":4812,"date":"2015-05-10T13:19:00","date_gmt":"2015-05-10T16:19:00","guid":{"rendered":"https:\/\/edit.uta.cl\/disur_prueba\/?post_type=noticias-disur&#038;p=4812"},"modified":"2025-10-23T13:24:06","modified_gmt":"2025-10-23T16:24:06","slug":"finalizo-el-pre-disur-de-montevideo","status":"publish","type":"noticias-disur","link":"https:\/\/disur.edu.ar\/index.php\/noticias-disur\/finalizo-el-pre-disur-de-montevideo\/","title":{"rendered":"Finaliz\u00f3 el PreDiSUR de Montevideo"},"content":{"rendered":"\n<p>Finaliz\u00f3 en la Escuela Universitaria Centro de Dise\u00f1o de la Udelar, en Montevideo el encuentro de los Foros de Decanos y Directores integrantes de la Red.<\/p>\n\n\n\n<p>Muchas gracias al Dr. Arq. Gustavo Scheps, decano de la Facultad de Arquitectura de la Universidad de la Rep\u00fablica de Uruguay; al DI Daniel Bergara Obiol Director de la Escuela Universitaria Centro de Dise\u00f1o; a la Arq. Rosita de Lisi; y al Ing. Agr. Fernando Mart\u00ednez Agustoni por habernos hecho sentir como en casa.<\/p>\n\n\n\n<p><a href=\"https:\/\/edit.uta.cl\/disur_prueba\/index.php\/noticias-disur\/finalizo-el-pre-disur-de-montevideo\/\" target=\"_blank\" rel=\"noreferrer noopener\"><\/a><\/p>\n\n\n\n<p><\/p>\n","protected":false},"template":"","class_list":["post-4812","noticias-disur","type-noticias-disur","status-publish","hentry"],"_links":{"self":[{"href":"https:\/\/disur.edu.ar\/index.php\/wp-json\/wp\/v2\/noticias-disur\/4812","targetHints":{"allow":["GET"]}}],"collection":[{"href":"https:\/\/disur.edu.ar\/index.php\/wp-json\/wp\/v2\/noticias-disur"}],"about":[{"href":"https:\/\/disur.edu.ar\/index.php\/wp-json\/wp\/v2\/types\/noticias-disur"}],"wp:attachment":[{"href":"https:\/\/disur.edu.ar\/index.php\/wp-json\/wp\/v2\/media?parent=4812"}],"curies":[{"name":"wp","href":"https:\/\/api.w.org\/{rel}","templated":true}]}}