{"id":4814,"date":"2015-05-13T13:20:00","date_gmt":"2015-05-13T16:20:00","guid":{"rendered":"https:\/\/edit.uta.cl\/disur_prueba\/?post_type=noticias-disur&#038;p=4814"},"modified":"2025-10-23T13:23:19","modified_gmt":"2025-10-23T16:23:19","slug":"segundo-congreso-latinoamericano-de-diseno-disur","status":"publish","type":"noticias-disur","link":"https:\/\/disur.edu.ar\/index.php\/noticias-disur\/segundo-congreso-latinoamericano-de-diseno-disur\/","title":{"rendered":"Segundo Congreso Latinoamericano de Dise\u00f1o &#8211; DiSUR"},"content":{"rendered":"\n<p><strong>2do Congreso Latinoamericano de Dise\u00f1o en Universidades P\u00fablicas Latinoamericanas DiSUR<\/strong><\/p>\n\n\n\n<p>La Facultad de Arquitectura, Dise\u00f1o y Urbanismo de la Universidad de Buenos Aires organizar\u00e1 el <strong>2do Congreso Latinoamericano de la Red de Carreras de Dise\u00f1o de Universidades P\u00fablicas Latinoamericanas DiSUR<\/strong>. Podr\u00e1n participar estudiantes, graduados y docentes, de grado y de posgrado, de las Unidades Acad\u00e9micas miembros de la Red, en forma individual o en grupos disciplinares o interdisciplinares.<\/p>\n\n\n\n<p>El 2do. Congreso DiSUR se desarrollar\u00e1 los d\u00edas <strong>13 y 14 de agosto de 2015<\/strong> en la Ciudad Aut\u00f3noma de Buenos Aires, bajo la tem\u00e1tica <em><strong>\u201c<\/strong><strong><em>Dise\u00f1o<\/em> para la Construcci\u00f3n de Ciudadan\u00eda<\/strong><strong>\u201d<\/strong><\/em>. Adem\u00e1s, en esta ocasi\u00f3n tambi\u00e9n se realizar\u00e1 la <strong>2da Bienal de Dise\u00f1o FADU <em>\u201cDise\u00f1o para la transformaci\u00f3n\u201d<\/em><\/strong> del <strong>10 al 22 de agosto<\/strong>.<\/p>\n\n\n\n<p>En conjunto con el Congreso, la Bienal potenciar\u00e1, a trav\u00e9s de los diferentes matices y actividades, una mirada sobre el Dise\u00f1o como actor principal de cambios y transformaciones.<\/p>\n\n\n\n<p>Para ello, el 2do Congreso DiSUR <em>\u201cDise\u00f1o para la Construcci\u00f3n de Ciudadan\u00eda\u201d<\/em> asumir\u00e1 tres actividades principales: Las conferencias magistrales en su apertura y cierre, las ponencias de los participantes y la sesi\u00f3n plenaria, con mesas de debate. Estas actividades se desarrollar\u00e1n bajo tres ejes tem\u00e1ticos: Pensamiento, reflexi\u00f3n e investigaci\u00f3n; producci\u00f3n, acci\u00f3n, extensi\u00f3n; educaci\u00f3n y formaci\u00f3n.<\/p>\n\n\n\n<p>La Bienal \u201cDise\u00f1o para la transformaci\u00f3n\u201d, por su parte, asumir\u00e1 las exposiciones de trabajos de c\u00e1tedra en las diferentes sedes; los workshops de profesores, docentes y graduados; los eventos art\u00edsticos (entre los que estar\u00e1 el desfile de indumentaria); el concurso de premiaci\u00f3n a la labor profesional y la feria de emprendedores. A su vez, la Bienal asumir\u00e1 cinco subtemas: industrias nacionales; inclusi\u00f3n; cultura urbana, sustentabilidad y pol\u00edtica.<\/p>\n\n\n\n<p>Para participar en alguno de los dos eventos descarg\u00e1 las bases para conocer como podes hacerlo.<\/p>\n\n\n\n<ul class=\"wp-block-list\">\n<li><a href=\"http:\/\/disur.edu.ar\/wp-content\/uploads\/2015\/05\/Bases-Congreso-DiSur.pdf\">Bases Congreso DiSur<\/a><\/li>\n\n\n\n<li><a href=\"http:\/\/disur.edu.ar\/wp-content\/uploads\/2015\/05\/Convocatoria-Bienal-DISUR-.pdf\">Convocatoria Bienal DISUR<\/a><\/li>\n\n\n\n<li><a href=\"http:\/\/disur.edu.ar\/wp-content\/uploads\/2015\/05\/Presentacion-DISUR-CONGRESO-BIENAL-1.pdf\">Presentacion DISUR-CONGRESO-BIENAL (1)<\/a><\/li>\n<\/ul>\n\n\n\n<p><\/p>\n","protected":false},"template":"","class_list":["post-4814","noticias-disur","type-noticias-disur","status-publish","hentry"],"_links":{"self":[{"href":"https:\/\/disur.edu.ar\/index.php\/wp-json\/wp\/v2\/noticias-disur\/4814","targetHints":{"allow":["GET"]}}],"collection":[{"href":"https:\/\/disur.edu.ar\/index.php\/wp-json\/wp\/v2\/noticias-disur"}],"about":[{"href":"https:\/\/disur.edu.ar\/index.php\/wp-json\/wp\/v2\/types\/noticias-disur"}],"wp:attachment":[{"href":"https:\/\/disur.edu.ar\/index.php\/wp-json\/wp\/v2\/media?parent=4814"}],"curies":[{"name":"wp","href":"https:\/\/api.w.org\/{rel}","templated":true}]}}