{"id":4816,"date":"2015-05-15T13:24:00","date_gmt":"2015-05-15T16:24:00","guid":{"rendered":"https:\/\/edit.uta.cl\/disur_prueba\/?post_type=noticias-disur&#038;p=4816"},"modified":"2025-10-23T15:23:22","modified_gmt":"2025-10-23T18:23:22","slug":"proyectos-asociativos-de-diseno-2015","status":"publish","type":"noticias-disur","link":"https:\/\/disur.edu.ar\/index.php\/noticias-disur\/proyectos-asociativos-de-diseno-2015\/","title":{"rendered":"Proyectos asociativos de dise\u00f1o 2015"},"content":{"rendered":"\n<p>La Secretar\u00eda de Planeamiento y Pol\u00edticas, y el Programa Nacional de Tecnolog\u00eda e Innovaci\u00f3n Social, a trav\u00e9s del Programa de Dise\u00f1o, convocan a la presentaci\u00f3n de propuestas destinadas a la ejecuci\u00f3n cofinanciada de Proyectos Asociativos de Dise\u00f1o para el per\u00edodo 2015.<\/p>\n\n\n\n<p><strong>Objetivos<\/strong><br>La finalidad de los proyectos ser\u00e1 la soluci\u00f3n de una necesidad productiva de un microemprendimiento, cooperativa o empresa recuperada y autogestionada por sus trabajadores, mediante la <strong>incorporaci\u00f3n del dise\u00f1o<\/strong> <strong>como factor estrat\u00e9gico de innovaci\u00f3n<\/strong>, ya sea para la generaci\u00f3n de nuevos productos, como la introducci\u00f3n de mejoras en procesos y\/o productos existentes.<\/p>\n\n\n\n<p>Deber\u00e1 destacarse el car\u00e1cter asociativo de la propuesta, que incluya la contribuci\u00f3n de una o m\u00e1s Instituciones del Sistema Cient\u00edfico-Tecnol\u00f3gico con competencia en la tem\u00e1tica del dise\u00f1o, favoreciendo la articulaci\u00f3n entre actores territoriales con miras al desarrollo local.<\/p>\n\n\n\n<p>La duraci\u00f3n de la ejecuci\u00f3n de los proyectos ser\u00e1 de hasta SEIS (6) meses.<\/p>\n\n\n\n<p><strong>Beneficiarios<\/strong><br>Los beneficiarios finales de estos proyectos ser\u00e1n <strong>microemprendimientos, cooperativas y empresas recuperadas y autogestionadas por sus trabajadores<\/strong>.<\/p>\n\n\n\n<p><strong>Entidad Solicitante<\/strong><br>La entidad solicitante del proyecto podr\u00e1 ser una de las entidades beneficiarias, o bien otra organizaci\u00f3n del marco asociativo, con probada capacidad de gesti\u00f3n para materializar el proyecto.<\/p>\n\n\n\n<p><strong>Financiaci\u00f3n<\/strong><br>Se destinar\u00e1 un monto de hasta PESOS SETENTA MIL ($ 70.000) por proyecto, para financiar hasta el 60 % de su costo total.<\/p>\n\n\n\n<p>A su vez, la convocatoria contar\u00e1 con un total de PESOS UN MILLON CINCUENTA MIL<\/p>\n\n\n\n<p>($ 1.050.000) a ser distribuidos entre los mejores proyectos seleccionados.<\/p>\n\n\n\n<p><strong>Presentaci\u00f3n de solicitudes<\/strong><br>Los postulantes deber\u00e1n consultar las bases y condiciones en <a href=\"http:\/\/www.mincyt.gob.ar\/convocatoria\/convocatoria-2015-proyectos-asociativos-de-diseno-10792\">www.mincyt.gob.ar<\/a>, donde encontrar\u00e1n el formulario y la gu\u00eda para su correcto llenado.<\/p>\n\n\n\n<p>Las propuestas deber\u00e1n presentarse al PROGRAMA DE INNOVACI\u00d3N Y DISE\u00d1O, Godoy Cruz 2320, 3\u00b0 Piso, C1425FQD, Ciudad Aut\u00f3noma de Buenos Aires, y en versi\u00f3n electr\u00f3nica a diseno@mincyt.gob.ar, <strong>hasta el 30 de junio de 2015<\/strong>.<\/p>\n\n\n\n<p><strong>Informes:<\/strong> Programa de Dise\u00f1o<\/p>\n\n\n\n<p><a href=\"http:\/\/www.mincyt.gob.ar\/convocatoria\/convocatoria-2015-proyectos-asociativos-de-diseno-10792\">www.mincyt.gob.ar<\/a> | diseno@mincyt.gob.ar<\/p>\n","protected":false},"template":"","class_list":["post-4816","noticias-disur","type-noticias-disur","status-publish","hentry"],"_links":{"self":[{"href":"https:\/\/disur.edu.ar\/index.php\/wp-json\/wp\/v2\/noticias-disur\/4816","targetHints":{"allow":["GET"]}}],"collection":[{"href":"https:\/\/disur.edu.ar\/index.php\/wp-json\/wp\/v2\/noticias-disur"}],"about":[{"href":"https:\/\/disur.edu.ar\/index.php\/wp-json\/wp\/v2\/types\/noticias-disur"}],"wp:attachment":[{"href":"https:\/\/disur.edu.ar\/index.php\/wp-json\/wp\/v2\/media?parent=4816"}],"curies":[{"name":"wp","href":"https:\/\/api.w.org\/{rel}","templated":true}]}}